{"id":629,"date":"2008-03-30T08:44:20","date_gmt":"2008-03-30T07:44:20","guid":{"rendered":"http:\/\/localhost\/wordpress\/?p=629"},"modified":"2008-03-30T08:44:20","modified_gmt":"2008-03-30T07:44:20","slug":"pa-forsiden-af-s%c3%b8ndags-b-t","status":"publish","type":"post","link":"http:\/\/absolutasger.dk\/?p=629","title":{"rendered":"P\u00e5 forsiden af S\u00f8ndags B.T."},"content":{"rendered":"<p>Alts\u00e5 ligesom den sang med Eddie Skoller, hvor han ellers sgutte kan f\u00e5 sit billede p\u00e5 forsiden af S\u00f8ndags B.T. <\/p>\n<p>Jeg havde lavet en <a target=\"_blank\" href=\"http:\/\/forum.helmuts-fahrrad-seiten.de\/viewtopic.php?t=1073\">tysk udgave<\/a>  af blogberetningen fra F\u00f6rde-CTF mountainbikel\u00f8bet. S\u00e5 kunne jeg vise mine billeder og give en &#8220;Bericht&#8221; til interesserede i Tyskland og p\u00e5 den m\u00e5de ligesom give noget igen, nu jeg havde haft forn\u00f8jelsen at k\u00f8re dernede og m\u00f8de rare mennesker.<br \/>Ogs\u00e5 for at <em>producere<\/em>. Og s\u00e5 selvf\u00f8lgelig for at vise mig selv, klart \ud83d\ude42 <\/p>\n<p>Det tog n\u00e6rmest en hel dag med ordb\u00f8ger og googleopslag for at finde gloserne og et bare rimeligt bud p\u00e5 grammatikken. Jeg er ikke god til at tale eller skrive det, jeg vil ellers gerne. M\u00e5ske l\u00e6rer jeg det. <\/p>\n<\/p>\n<p>Nu er den kommet p\u00e5 forsiden af <a target=\"_blank\" href=\"http:\/\/www.helmuts-fahrrad-seiten.de\/\">Helmuts-Fahrrad-Seiten<\/a>, den gode store cykelmotionsside for Nordtyskland, med en henvisende omtale.<\/p>\n<p>Juhuu, det er jeg rigtig glad for. Det tager jeg som en h\u00e6dersbevisning, sagt med alt for store ord, eller i det mindste som en antydning af at den kunne bruges.<br \/>I min lille verden er sejrene selvf\u00f8lgelig tilsvarende sm\u00e5.<br \/><a href=\"http:\/\/trineshjoerne.blogspot.com\/\" target=\"_blank\"><\/a><\/p>\n<p>I den store verden er de store.<br \/><a href=\"http:\/\/trineshjoerne.blogspot.com\/\" target=\"_blank\">Trine<\/a>  har lige nu f\u00e5et VM-s\u00f8lv p\u00e5 cykelbanen. Tillykke!<br \/>Og kommet p\u00e5 forsiderne, selv p\u00e5 forsiden af <a href=\"http:\/\/helleshyggeblog.smartlog.dk\/tillykke-trine-post133875#comments\">helleshyggeblog<\/a> !<\/p>\n","protected":false},"excerpt":{"rendered":"<p>Alts\u00e5 ligesom den sang med Eddie Skoller, hvor han ellers sgutte kan f\u00e5 sit billede p\u00e5 forsiden af S\u00f8ndags B.T. Jeg havde lavet en tysk udgave af blogberetningen fra F\u00f6rde-CTF mountainbikel\u00f8bet. S\u00e5 kunne jeg vise mine billeder og give en &#8220;Bericht&#8221; til interesserede i Tyskland og p\u00e5 den m\u00e5de ligesom give noget igen, nu jeg [&hellip;]<\/p>\n","protected":false},"author":1,"featured_media":0,"comment_status":"open","ping_status":"closed","sticky":false,"template":"","format":"standard","meta":[],"categories":[1],"tags":[],"_links":{"self":[{"href":"http:\/\/absolutasger.dk\/index.php?rest_route=\/wp\/v2\/posts\/629"}],"collection":[{"href":"http:\/\/absolutasger.dk\/index.php?rest_route=\/wp\/v2\/posts"}],"about":[{"href":"http:\/\/absolutasger.dk\/index.php?rest_route=\/wp\/v2\/types\/post"}],"author":[{"embeddable":true,"href":"http:\/\/absolutasger.dk\/index.php?rest_route=\/wp\/v2\/users\/1"}],"replies":[{"embeddable":true,"href":"http:\/\/absolutasger.dk\/index.php?rest_route=%2Fwp%2Fv2%2Fcomments&post=629"}],"version-history":[{"count":0,"href":"http:\/\/absolutasger.dk\/index.php?rest_route=\/wp\/v2\/posts\/629\/revisions"}],"wp:attachment":[{"href":"http:\/\/absolutasger.dk\/index.php?rest_route=%2Fwp%2Fv2%2Fmedia&parent=629"}],"wp:term":[{"taxonomy":"category","embeddable":true,"href":"http:\/\/absolutasger.dk\/index.php?rest_route=%2Fwp%2Fv2%2Fcategories&post=629"},{"taxonomy":"post_tag","embeddable":true,"href":"http:\/\/absolutasger.dk\/index.php?rest_route=%2Fwp%2Fv2%2Ftags&post=629"}],"curies":[{"name":"wp","href":"https:\/\/api.w.org\/{rel}","templated":true}]}}