{"id":616,"date":"2008-07-18T09:33:24","date_gmt":"2008-07-18T08:33:24","guid":{"rendered":"http:\/\/localhost\/wordpress\/?p=616"},"modified":"2017-06-17T15:20:20","modified_gmt":"2017-06-17T14:20:20","slug":"port-valldemossa","status":"publish","type":"post","link":"http:\/\/absolutasger.dk\/?p=616","title":{"rendered":"Port Valldemossa"},"content":{"rendered":"<p>Der falder br\u00e6nde ned.<\/p>\n<p><img loading=\"lazy\" width=\"420\" height=\"315\" border=\"0\" alt=\"skilt\" src=\"http:\/\/www.asgerfrank.dk\/pubimg\/absasg\/pvm\/pvmSkilt.jpg\" \/><\/p>\n<p>\u00a0<\/p>\n<\/p>\n<\/p>\n<p>Hvis alts\u00e5 man ikke passer p\u00e5.<br \/>Klippestykker fra bjergv\u00e6ggen falder ned af sig selv, eller de g\u00e5r l\u00f8s n\u00e5r bjergklatrere \u00f8ver sig d\u00e9r.<\/p>\n<p>Vi er ved en lillebitte havneby Port Valldemossa p\u00e5 Mallorcas nordkyst, og er cyklet derned ad 4 km smal vej af h\u00e5rn\u00e5lesving. Den snor sig ned til havet fra hovedvejen, som g\u00e5r h\u00f8jere oppe langs kystens bjergryg. <\/p>\n<p>Dr\u00f8ner  man nedad p\u00e5 cyklen er det med at have \u00f8jnene med sig, for der ligger ogs\u00e5 faktisk et klippestykke hist og her.<\/p>\n<p><\/p>\n<p>Mine to caf\u00e9kompagnoner  er lige netop n\u00e5et f\u00f8rst ned til restauranten.   <br \/><img loading=\"lazy\" width=\"420\" height=\"315\" border=\"0\" src=\"http:\/\/www.asgerfrank.dk\/pubimg\/absasg\/pvm\/pvmAnkomst.jpg\" alt=\"Ankomst\" \/><br \/>.<br \/><img loading=\"lazy\" width=\"420\" height=\"315\" border=\"0\" src=\"http:\/\/www.asgerfrank.dk\/pubimg\/absasg\/pvm\/EsPort.jpg\" alt=\"EsPort\" \/><br \/>.<br \/><img loading=\"lazy\" width=\"420\" height=\"336\" border=\"0\" src=\"http:\/\/www.asgerfrank.dk\/pubimg\/absasg\/pvm\/pvmKaffe.jpg\" alt=\"Kaffe\" \/><\/p>\n<p>.<\/p>\n<p>. <\/p>\n<p>Medsolende mallorcakat<br \/><img border=\"0\" src=\"http:\/\/www.asgerfrank.dk\/pubimg\/absasg\/pvm\/valdemossamis.jpg\" alt=\"valdemossamis\" \/><\/p>\n<p>\u00a0<\/p>\n<\/p>\n<\/p>\n<\/p>\n<\/p>\n<p>Port Valldemossa er en charmerende lilles\u00f8ster til det st\u00f8rre og kendte Sa Calobra l\u00e6ngere oppe ad kysten, hvor opk\u00f8rslen er tre gange l\u00e6ngere, men til geng\u00e6ld ogs\u00e5 bred og trafikeret. Der er endda begr\u00e6nsning for busser, s\u00e5 de m\u00e5 k\u00f8re derned om formiddagen og opad om eftermiddagen. Jeg har aldrig selv v\u00e6ret der. Gemmer det stykke af lagkagen, s\u00e5 der er noget til en anden gang. Opad igen.<\/p>\n<p>\u00a0<\/p>\n<\/p>\n<\/p>\n<p><img border=\"0\" src=\"http:\/\/www.asgerfrank.dk\/pubimg\/absasg\/pvm\/smaasten.jpg\" alt=\"smaasten\" \/><\/p>\n<p>. <\/p>\n<\/p>\n<p><img loading=\"lazy\" width=\"420\" height=\"315\" border=\"0\" alt=\"serpentin2\" src=\"http:\/\/www.asgerfrank.dk\/pubimg\/absasg\/pvm\/pvmSerpentin2.jpg\" \/> <\/p>\n<p>.<\/p>\n<p>.<\/p>\n<\/p>\n<p> Til sidst atter et vue ovenfra, hvor havnen kun lige anes dernede.<\/p>\n<p><img loading=\"lazy\" width=\"420\" height=\"315\" border=\"0\" alt=\"kant\" src=\"http:\/\/www.asgerfrank.dk\/pubimg\/absasg\/pvm\/pvmKant.jpg\" \/><\/p>\n<p>.<\/p>\n<p><img loading=\"lazy\" width=\"420\" height=\"315\" border=\"0\" src=\"http:\/\/www.asgerfrank.dk\/pubimg\/absasg\/pvm\/pvmEgo1.jpg\" alt=\"ego1\" \/><\/p>\n<\/p>\n<\/p>\n<p>. <\/p>\n<\/p>\n<p> <img loading=\"lazy\" width=\"420\" height=\"315\" border=\"0\" alt=\"serpentin\" src=\"http:\/\/www.asgerfrank.dk\/pubimg\/absasg\/pvm\/pvmSerpentin.jpg\" \/><\/p>\n<\/p>\n<p>.<\/p>\n<p>.<\/p>\n<\/p>\n<p>Det ser da ogs\u00e5 godt ud p\u00e5 papiret. <\/p>\n<p><img border=\"0\" src=\"http:\/\/www.asgerfrank.dk\/pubimg\/absasg\/pvm\/detaljekort.jpg\" alt=\"detaljekort\" \/><\/p>\n<\/p>\n<p><img loading=\"lazy\" width=\"420\" height=\"309\" border=\"0\" src=\"http:\/\/www.asgerfrank.dk\/pubimg\/absasg\/pvm\/vestmallorcaMedPil.jpg\" alt=\"vestmallorcaMedPil\" \/><\/p>\n<\/p>\n<p><img loading=\"lazy\" width=\"420\" height=\"271\" border=\"0\" src=\"http:\/\/www.asgerfrank.dk\/pubimg\/absasg\/pvm\/mallorcaMedPil.jpg\" alt=\"mallorcaMedPil\" \/><\/p>\n<\/p>\n<\/p>\n<p>.<\/p>\n<p>P\u00d8LSEPINDEN burde overskriften have v\u00e6ret, for jeg kan \u00e5benbart blive ved at koge suppe p\u00e5 den, <a href=\"http:\/\/absolutasger.dk\/?p=628\">cykel-mallorcaturen<\/a> i april.<\/p>\n","protected":false},"excerpt":{"rendered":"<p>Der falder br\u00e6nde ned. \u00a0 Hvis alts\u00e5 man ikke passer p\u00e5.Klippestykker fra bjergv\u00e6ggen falder ned af sig selv, eller de g\u00e5r l\u00f8s n\u00e5r bjergklatrere \u00f8ver sig d\u00e9r. Vi er ved en lillebitte havneby Port Valldemossa p\u00e5 Mallorcas nordkyst, og er cyklet derned ad 4 km smal vej af h\u00e5rn\u00e5lesving. Den snor sig ned til havet [&hellip;]<\/p>\n","protected":false},"author":1,"featured_media":0,"comment_status":"open","ping_status":"closed","sticky":false,"template":"","format":"standard","meta":[],"categories":[1],"tags":[],"_links":{"self":[{"href":"http:\/\/absolutasger.dk\/index.php?rest_route=\/wp\/v2\/posts\/616"}],"collection":[{"href":"http:\/\/absolutasger.dk\/index.php?rest_route=\/wp\/v2\/posts"}],"about":[{"href":"http:\/\/absolutasger.dk\/index.php?rest_route=\/wp\/v2\/types\/post"}],"author":[{"embeddable":true,"href":"http:\/\/absolutasger.dk\/index.php?rest_route=\/wp\/v2\/users\/1"}],"replies":[{"embeddable":true,"href":"http:\/\/absolutasger.dk\/index.php?rest_route=%2Fwp%2Fv2%2Fcomments&post=616"}],"version-history":[{"count":2,"href":"http:\/\/absolutasger.dk\/index.php?rest_route=\/wp\/v2\/posts\/616\/revisions"}],"predecessor-version":[{"id":2715,"href":"http:\/\/absolutasger.dk\/index.php?rest_route=\/wp\/v2\/posts\/616\/revisions\/2715"}],"wp:attachment":[{"href":"http:\/\/absolutasger.dk\/index.php?rest_route=%2Fwp%2Fv2%2Fmedia&parent=616"}],"wp:term":[{"taxonomy":"category","embeddable":true,"href":"http:\/\/absolutasger.dk\/index.php?rest_route=%2Fwp%2Fv2%2Fcategories&post=616"},{"taxonomy":"post_tag","embeddable":true,"href":"http:\/\/absolutasger.dk\/index.php?rest_route=%2Fwp%2Fv2%2Ftags&post=616"}],"curies":[{"name":"wp","href":"https:\/\/api.w.org\/{rel}","templated":true}]}}